{"id":2516,"date":"2023-07-24T14:14:33","date_gmt":"2023-07-24T14:14:33","guid":{"rendered":"https:\/\/balosmochis.org.mx\/?p=2516"},"modified":"2023-11-11T23:26:31","modified_gmt":"2023-11-11T23:26:31","slug":"oxxo-y-bamx-los-mochis-redondea-para-todos","status":"publish","type":"post","link":"https:\/\/balosmochis.org.mx\/index.php\/2023\/07\/24\/oxxo-y-bamx-los-mochis-redondea-para-todos\/","title":{"rendered":"Oxxo y BAMX Los Mochis se unen en Redondeo OXXO"},"content":{"rendered":"<h5>Oxxo y BAMX Los Mochis se unen en Redondeo OXXO<\/h5>\n<p>Con la aportaci\u00f3n de la sociedad sinaloense a trav\u00e9s de Redondeo Oxxo y BAMX Los Mochis 2023, sumas a apoyar a m\u00e1s de 10,000 personas mensualmente. A trav\u00e9s de la iniciativa en conjunto con Oxxo, se da inicio al Redondeo OXXO \u00a1Redondea para todos!<\/p>\n<p>Con el objetivo de fortalecer la lucha contra la inseguridad alimentaria y el desperdicio en todo el norte de Sinaloa se presenta esta campa\u00f1a como una forma sencilla y efectiva de recaudar fondos para ampliar capacidades y llegar a m\u00e1s personas que lo necesitan.<span class=\"Apple-converted-space\">\u00a0<\/span><\/p>\n<p>El hambre no espera y cada peque\u00f1o gesto puede marcar una gran diferencia; el pasado primero de julio de 2023 tiendas Oxxo inicio redondeo en los municipios de Ahome, El Fuerte y Choix a beneficio de Banco de Alimentos de Los Mochis. La instituci\u00f3n ser\u00e1 beneficiada con lo recaudado correspondiente a los meses de julio, agosto y septiembre.<\/p>\n<p>\u201cEs un honor para nosotros lanzar con el apoyo de la empresa Oxxo y Banco de Alimentos de Los Mochis una nueva campa\u00f1a de redondeo que es muy importante y muy \u00fatil, para unidos poder apoyar a las familias m\u00e1s vulnerables del norte de Sinaloa. El \u00e9xito de esta iniciativa depende de cada uno de nosotros, Di Si y Redondea para todos, Promueve e inspira a otros a sumarse a esta causa.\u201d Comento Jairo Gastelum, Presidente de Patronato.<\/p>\n<p>\u201cLa operaci\u00f3n es muy simple y ya ustedes la conocen, invitamos a todos nuestros colaboradores, tanto empresas como individuos, a redondear sus compras y donar la diferencia al Banco de Alimentos de Los Mochis. Aunque pueda parecer una peque\u00f1a cantidad, cuando se suma el esfuerzo de muchos, se convierte en un recurso valioso para cambiar vidas.\u201d Refiri\u00f3 Luis Fernando Ruiz Karam, Secretario de Patronato.<span class=\"Apple-converted-space\">\u00a0<\/span><\/p>\n<p>Recordemos que el hambre no espera y cada redondeo hace una gran diferencia cerca de ti, porque en el Banco de alimentos de Los Mochis todo lo que donas llega a gente que esta A la Vuelta de tu Vida.<span class=\"Apple-converted-space\">\u00a0<\/span><\/p>\n<p>Mayores informes en direcci\u00f3n al calce, redes sociales o contacto con Bel\u00e9n Quintero de Alianzas +6682 361086.<\/p>\n<p><img fetchpriority=\"high\" decoding=\"async\" class=\"alignnone wp-image-2517 size-large\" src=\"https:\/\/balosmochis.org.mx\/wp-content\/uploads\/2023\/07\/12I8364-1024x709.jpg\" alt=\"Oxxo y BAMXLos Mochis inician Redondeo Oxxo\" width=\"580\" height=\"402\" srcset=\"https:\/\/balosmochis.org.mx\/wp-content\/uploads\/2023\/07\/12I8364-1024x709.jpg 1024w, https:\/\/balosmochis.org.mx\/wp-content\/uploads\/2023\/07\/12I8364-300x208.jpg 300w, https:\/\/balosmochis.org.mx\/wp-content\/uploads\/2023\/07\/12I8364-768x532.jpg 768w, https:\/\/balosmochis.org.mx\/wp-content\/uploads\/2023\/07\/12I8364-1536x1063.jpg 1536w, https:\/\/balosmochis.org.mx\/wp-content\/uploads\/2023\/07\/12I8364.jpg 1920w\" sizes=\"(max-width: 580px) 100vw, 580px\" \/><\/p>\n<p><a href=\"https:\/\/balosmochis.org.mx\/\">https:\/\/balosmochis.org.mx\/<\/a><\/p>\n<p><a href=\"https:\/\/www.oxxo.com\/redondeo-oxxo\">https:\/\/www.oxxo.com\/redondeo-oxxo<\/a><\/p>\n","protected":false},"excerpt":{"rendered":"<p>Oxxo y BAMX Los Mochis se unen en Redondeo OXXO Con la aportaci\u00f3n de la sociedad sinaloense a trav\u00e9s de Redondeo Oxxo y BAMX Los Mochis 2023, sumas a apoyar a m\u00e1s de 10,000 personas mensualmente. A trav\u00e9s de la iniciativa en conjunto con Oxxo, se da inicio al Redondeo OXXO \u00a1Redondea para todos! Con [&hellip;]<\/p>\n","protected":false},"author":3,"featured_media":2517,"comment_status":"open","ping_status":"closed","sticky":false,"template":"","format":"standard","meta":{"inline_featured_image":false,"_monsterinsights_skip_tracking":false,"_monsterinsights_sitenote_active":false,"_monsterinsights_sitenote_note":"","_monsterinsights_sitenote_category":0,"_uf_show_specific_survey":0,"_uf_disable_surveys":false,"_jetpack_memberships_contains_paid_content":false,"footnotes":""},"categories":[1],"tags":[],"class_list":["post-2516","post","type-post","status-publish","format-standard","has-post-thumbnail","hentry","category-uncategorized"],"yoast_head":"<!-- This site is optimized with the Yoast SEO plugin v26.6 - https:\/\/yoast.com\/wordpress\/plugins\/seo\/ -->\n<title>Oxxo y BAMX Los Mochis se unen en Redondeo OXXO<\/title>\n<meta name=\"description\" content=\"Redondeo Oxxo-BAMX Los Mochis donaci\u00f3n \u00danete a nuestra campa\u00f1a para luchar contra la inseguridad alimentaria y construir un mundo sin hambre.\" \/>\n<meta name=\"robots\" content=\"index, follow, max-snippet:-1, max-image-preview:large, max-video-preview:-1\" \/>\n<link rel=\"canonical\" href=\"https:\/\/balosmochis.org.mx\/index.php\/2023\/07\/24\/oxxo-y-bamx-los-mochis-redondea-para-todos\/\" \/>\n<meta property=\"og:locale\" content=\"es_MX\" \/>\n<meta property=\"og:type\" content=\"article\" \/>\n<meta property=\"og:title\" content=\"Oxxo y BAMX Los Mochis se unen en Redondeo OXXO\" \/>\n<meta property=\"og:description\" content=\"Redondeo Oxxo-BAMX Los Mochis donaci\u00f3n \u00danete a nuestra campa\u00f1a para luchar contra la inseguridad alimentaria y construir un mundo sin hambre.\" \/>\n<meta property=\"og:url\" content=\"https:\/\/balosmochis.org.mx\/index.php\/2023\/07\/24\/oxxo-y-bamx-los-mochis-redondea-para-todos\/\" \/>\n<meta property=\"og:site_name\" content=\"BAMX | Los Mochis\" \/>\n<meta property=\"article:publisher\" content=\"https:\/\/web.facebook.com\/balosmochis\" \/>\n<meta property=\"article:published_time\" content=\"2023-07-24T14:14:33+00:00\" \/>\n<meta property=\"article:modified_time\" content=\"2023-11-11T23:26:31+00:00\" \/>\n<meta property=\"og:image\" content=\"https:\/\/balosmochis.org.mx\/wp-content\/uploads\/2023\/07\/12I8364.jpg\" \/>\n\t<meta property=\"og:image:width\" content=\"1920\" \/>\n\t<meta property=\"og:image:height\" content=\"1329\" \/>\n\t<meta property=\"og:image:type\" content=\"image\/jpeg\" \/>\n<meta name=\"author\" content=\"Victor lucio\" \/>\n<meta name=\"twitter:card\" content=\"summary_large_image\" \/>\n<meta name=\"twitter:creator\" content=\"@BamxLosMochis\" \/>\n<meta name=\"twitter:site\" content=\"@BamxLosMochis\" \/>\n<meta name=\"twitter:label1\" content=\"Escrito por\" \/>\n\t<meta name=\"twitter:data1\" content=\"Victor lucio\" \/>\n\t<meta name=\"twitter:label2\" content=\"Tiempo de lectura\" \/>\n\t<meta name=\"twitter:data2\" content=\"2 minutos\" \/>\n<script type=\"application\/ld+json\" class=\"yoast-schema-graph\">{\"@context\":\"https:\/\/schema.org\",\"@graph\":[{\"@type\":\"Article\",\"@id\":\"https:\/\/balosmochis.org.mx\/index.php\/2023\/07\/24\/oxxo-y-bamx-los-mochis-redondea-para-todos\/#article\",\"isPartOf\":{\"@id\":\"https:\/\/balosmochis.org.mx\/index.php\/2023\/07\/24\/oxxo-y-bamx-los-mochis-redondea-para-todos\/\"},\"author\":{\"name\":\"Victor lucio\",\"@id\":\"https:\/\/balosmochis.org.mx\/#\/schema\/person\/34096dc6cd1893acd6c12b99129b9143\"},\"headline\":\"Oxxo y BAMX Los Mochis se unen en Redondeo OXXO\",\"datePublished\":\"2023-07-24T14:14:33+00:00\",\"dateModified\":\"2023-11-11T23:26:31+00:00\",\"mainEntityOfPage\":{\"@id\":\"https:\/\/balosmochis.org.mx\/index.php\/2023\/07\/24\/oxxo-y-bamx-los-mochis-redondea-para-todos\/\"},\"wordCount\":383,\"commentCount\":1,\"publisher\":{\"@id\":\"https:\/\/balosmochis.org.mx\/#organization\"},\"image\":{\"@id\":\"https:\/\/balosmochis.org.mx\/index.php\/2023\/07\/24\/oxxo-y-bamx-los-mochis-redondea-para-todos\/#primaryimage\"},\"thumbnailUrl\":\"https:\/\/balosmochis.org.mx\/wp-content\/uploads\/2023\/07\/12I8364.jpg\",\"articleSection\":[\"Uncategorized\"],\"inLanguage\":\"es\",\"potentialAction\":[{\"@type\":\"CommentAction\",\"name\":\"Comment\",\"target\":[\"https:\/\/balosmochis.org.mx\/index.php\/2023\/07\/24\/oxxo-y-bamx-los-mochis-redondea-para-todos\/#respond\"]}]},{\"@type\":\"WebPage\",\"@id\":\"https:\/\/balosmochis.org.mx\/index.php\/2023\/07\/24\/oxxo-y-bamx-los-mochis-redondea-para-todos\/\",\"url\":\"https:\/\/balosmochis.org.mx\/index.php\/2023\/07\/24\/oxxo-y-bamx-los-mochis-redondea-para-todos\/\",\"name\":\"Oxxo y BAMX Los Mochis se unen en Redondeo OXXO\",\"isPartOf\":{\"@id\":\"https:\/\/balosmochis.org.mx\/#website\"},\"primaryImageOfPage\":{\"@id\":\"https:\/\/balosmochis.org.mx\/index.php\/2023\/07\/24\/oxxo-y-bamx-los-mochis-redondea-para-todos\/#primaryimage\"},\"image\":{\"@id\":\"https:\/\/balosmochis.org.mx\/index.php\/2023\/07\/24\/oxxo-y-bamx-los-mochis-redondea-para-todos\/#primaryimage\"},\"thumbnailUrl\":\"https:\/\/balosmochis.org.mx\/wp-content\/uploads\/2023\/07\/12I8364.jpg\",\"datePublished\":\"2023-07-24T14:14:33+00:00\",\"dateModified\":\"2023-11-11T23:26:31+00:00\",\"description\":\"Redondeo Oxxo-BAMX Los Mochis donaci\u00f3n \u00danete a nuestra campa\u00f1a para luchar contra la inseguridad alimentaria y construir un mundo sin hambre.\",\"breadcrumb\":{\"@id\":\"https:\/\/balosmochis.org.mx\/index.php\/2023\/07\/24\/oxxo-y-bamx-los-mochis-redondea-para-todos\/#breadcrumb\"},\"inLanguage\":\"es\",\"potentialAction\":[{\"@type\":\"ReadAction\",\"target\":[\"https:\/\/balosmochis.org.mx\/index.php\/2023\/07\/24\/oxxo-y-bamx-los-mochis-redondea-para-todos\/\"]}]},{\"@type\":\"ImageObject\",\"inLanguage\":\"es\",\"@id\":\"https:\/\/balosmochis.org.mx\/index.php\/2023\/07\/24\/oxxo-y-bamx-los-mochis-redondea-para-todos\/#primaryimage\",\"url\":\"https:\/\/balosmochis.org.mx\/wp-content\/uploads\/2023\/07\/12I8364.jpg\",\"contentUrl\":\"https:\/\/balosmochis.org.mx\/wp-content\/uploads\/2023\/07\/12I8364.jpg\",\"width\":1920,\"height\":1329},{\"@type\":\"BreadcrumbList\",\"@id\":\"https:\/\/balosmochis.org.mx\/index.php\/2023\/07\/24\/oxxo-y-bamx-los-mochis-redondea-para-todos\/#breadcrumb\",\"itemListElement\":[{\"@type\":\"ListItem\",\"position\":1,\"name\":\"Inicio\",\"item\":\"https:\/\/balosmochis.org.mx\/\"},{\"@type\":\"ListItem\",\"position\":2,\"name\":\"Oxxo y BAMX Los Mochis se unen en Redondeo OXXO\"}]},{\"@type\":\"WebSite\",\"@id\":\"https:\/\/balosmochis.org.mx\/#website\",\"url\":\"https:\/\/balosmochis.org.mx\/\",\"name\":\"BAMX | Los Mochis\",\"description\":\"Un Banco de Todo para Todos\",\"publisher\":{\"@id\":\"https:\/\/balosmochis.org.mx\/#organization\"},\"alternateName\":\"BAMX Los Mochis\",\"potentialAction\":[{\"@type\":\"SearchAction\",\"target\":{\"@type\":\"EntryPoint\",\"urlTemplate\":\"https:\/\/balosmochis.org.mx\/?s={search_term_string}\"},\"query-input\":{\"@type\":\"PropertyValueSpecification\",\"valueRequired\":true,\"valueName\":\"search_term_string\"}}],\"inLanguage\":\"es\"},{\"@type\":\"Organization\",\"@id\":\"https:\/\/balosmochis.org.mx\/#organization\",\"name\":\"BANCO DE ALIMENTOS DE LOS MOCHIS\",\"alternateName\":\"BAMX Los Mochis\",\"url\":\"https:\/\/balosmochis.org.mx\/\",\"logo\":{\"@type\":\"ImageObject\",\"inLanguage\":\"es\",\"@id\":\"https:\/\/balosmochis.org.mx\/#\/schema\/logo\/image\/\",\"url\":\"https:\/\/balosmochis.org.mx\/wp-content\/uploads\/2023\/05\/BA_LOSMOCHIS_01.png\",\"contentUrl\":\"https:\/\/balosmochis.org.mx\/wp-content\/uploads\/2023\/05\/BA_LOSMOCHIS_01.png\",\"width\":2497,\"height\":1643,\"caption\":\"BANCO DE ALIMENTOS DE LOS MOCHIS\"},\"image\":{\"@id\":\"https:\/\/balosmochis.org.mx\/#\/schema\/logo\/image\/\"},\"sameAs\":[\"https:\/\/web.facebook.com\/balosmochis\",\"https:\/\/x.com\/BamxLosMochis\",\"https:\/\/www.instagram.com\/bamxlosmochis\/\"]},{\"@type\":\"Person\",\"@id\":\"https:\/\/balosmochis.org.mx\/#\/schema\/person\/34096dc6cd1893acd6c12b99129b9143\",\"name\":\"Victor lucio\",\"image\":{\"@type\":\"ImageObject\",\"inLanguage\":\"es\",\"@id\":\"https:\/\/balosmochis.org.mx\/#\/schema\/person\/image\/\",\"url\":\"https:\/\/secure.gravatar.com\/avatar\/42bbb11d8af5305aeb90d0eb36e7e1b9126622be7aafe1c59f38d0b5f7d2a222?s=96&d=mm&r=g\",\"contentUrl\":\"https:\/\/secure.gravatar.com\/avatar\/42bbb11d8af5305aeb90d0eb36e7e1b9126622be7aafe1c59f38d0b5f7d2a222?s=96&d=mm&r=g\",\"caption\":\"Victor lucio\"},\"url\":\"https:\/\/balosmochis.org.mx\/index.php\/author\/equipodiseno\/\"}]}<\/script>\n<!-- \/ Yoast SEO plugin. -->","yoast_head_json":{"title":"Oxxo y BAMX Los Mochis se unen en Redondeo OXXO","description":"Redondeo Oxxo-BAMX Los Mochis donaci\u00f3n \u00danete a nuestra campa\u00f1a para luchar contra la inseguridad alimentaria y construir un mundo sin hambre.","robots":{"index":"index","follow":"follow","max-snippet":"max-snippet:-1","max-image-preview":"max-image-preview:large","max-video-preview":"max-video-preview:-1"},"canonical":"https:\/\/balosmochis.org.mx\/index.php\/2023\/07\/24\/oxxo-y-bamx-los-mochis-redondea-para-todos\/","og_locale":"es_MX","og_type":"article","og_title":"Oxxo y BAMX Los Mochis se unen en Redondeo OXXO","og_description":"Redondeo Oxxo-BAMX Los Mochis donaci\u00f3n \u00danete a nuestra campa\u00f1a para luchar contra la inseguridad alimentaria y construir un mundo sin hambre.","og_url":"https:\/\/balosmochis.org.mx\/index.php\/2023\/07\/24\/oxxo-y-bamx-los-mochis-redondea-para-todos\/","og_site_name":"BAMX | Los Mochis","article_publisher":"https:\/\/web.facebook.com\/balosmochis","article_published_time":"2023-07-24T14:14:33+00:00","article_modified_time":"2023-11-11T23:26:31+00:00","og_image":[{"width":1920,"height":1329,"url":"https:\/\/balosmochis.org.mx\/wp-content\/uploads\/2023\/07\/12I8364.jpg","type":"image\/jpeg"}],"author":"Victor lucio","twitter_card":"summary_large_image","twitter_creator":"@BamxLosMochis","twitter_site":"@BamxLosMochis","twitter_misc":{"Escrito por":"Victor lucio","Tiempo de lectura":"2 minutos"},"schema":{"@context":"https:\/\/schema.org","@graph":[{"@type":"Article","@id":"https:\/\/balosmochis.org.mx\/index.php\/2023\/07\/24\/oxxo-y-bamx-los-mochis-redondea-para-todos\/#article","isPartOf":{"@id":"https:\/\/balosmochis.org.mx\/index.php\/2023\/07\/24\/oxxo-y-bamx-los-mochis-redondea-para-todos\/"},"author":{"name":"Victor lucio","@id":"https:\/\/balosmochis.org.mx\/#\/schema\/person\/34096dc6cd1893acd6c12b99129b9143"},"headline":"Oxxo y BAMX Los Mochis se unen en Redondeo OXXO","datePublished":"2023-07-24T14:14:33+00:00","dateModified":"2023-11-11T23:26:31+00:00","mainEntityOfPage":{"@id":"https:\/\/balosmochis.org.mx\/index.php\/2023\/07\/24\/oxxo-y-bamx-los-mochis-redondea-para-todos\/"},"wordCount":383,"commentCount":1,"publisher":{"@id":"https:\/\/balosmochis.org.mx\/#organization"},"image":{"@id":"https:\/\/balosmochis.org.mx\/index.php\/2023\/07\/24\/oxxo-y-bamx-los-mochis-redondea-para-todos\/#primaryimage"},"thumbnailUrl":"https:\/\/balosmochis.org.mx\/wp-content\/uploads\/2023\/07\/12I8364.jpg","articleSection":["Uncategorized"],"inLanguage":"es","potentialAction":[{"@type":"CommentAction","name":"Comment","target":["https:\/\/balosmochis.org.mx\/index.php\/2023\/07\/24\/oxxo-y-bamx-los-mochis-redondea-para-todos\/#respond"]}]},{"@type":"WebPage","@id":"https:\/\/balosmochis.org.mx\/index.php\/2023\/07\/24\/oxxo-y-bamx-los-mochis-redondea-para-todos\/","url":"https:\/\/balosmochis.org.mx\/index.php\/2023\/07\/24\/oxxo-y-bamx-los-mochis-redondea-para-todos\/","name":"Oxxo y BAMX Los Mochis se unen en Redondeo OXXO","isPartOf":{"@id":"https:\/\/balosmochis.org.mx\/#website"},"primaryImageOfPage":{"@id":"https:\/\/balosmochis.org.mx\/index.php\/2023\/07\/24\/oxxo-y-bamx-los-mochis-redondea-para-todos\/#primaryimage"},"image":{"@id":"https:\/\/balosmochis.org.mx\/index.php\/2023\/07\/24\/oxxo-y-bamx-los-mochis-redondea-para-todos\/#primaryimage"},"thumbnailUrl":"https:\/\/balosmochis.org.mx\/wp-content\/uploads\/2023\/07\/12I8364.jpg","datePublished":"2023-07-24T14:14:33+00:00","dateModified":"2023-11-11T23:26:31+00:00","description":"Redondeo Oxxo-BAMX Los Mochis donaci\u00f3n \u00danete a nuestra campa\u00f1a para luchar contra la inseguridad alimentaria y construir un mundo sin hambre.","breadcrumb":{"@id":"https:\/\/balosmochis.org.mx\/index.php\/2023\/07\/24\/oxxo-y-bamx-los-mochis-redondea-para-todos\/#breadcrumb"},"inLanguage":"es","potentialAction":[{"@type":"ReadAction","target":["https:\/\/balosmochis.org.mx\/index.php\/2023\/07\/24\/oxxo-y-bamx-los-mochis-redondea-para-todos\/"]}]},{"@type":"ImageObject","inLanguage":"es","@id":"https:\/\/balosmochis.org.mx\/index.php\/2023\/07\/24\/oxxo-y-bamx-los-mochis-redondea-para-todos\/#primaryimage","url":"https:\/\/balosmochis.org.mx\/wp-content\/uploads\/2023\/07\/12I8364.jpg","contentUrl":"https:\/\/balosmochis.org.mx\/wp-content\/uploads\/2023\/07\/12I8364.jpg","width":1920,"height":1329},{"@type":"BreadcrumbList","@id":"https:\/\/balosmochis.org.mx\/index.php\/2023\/07\/24\/oxxo-y-bamx-los-mochis-redondea-para-todos\/#breadcrumb","itemListElement":[{"@type":"ListItem","position":1,"name":"Inicio","item":"https:\/\/balosmochis.org.mx\/"},{"@type":"ListItem","position":2,"name":"Oxxo y BAMX Los Mochis se unen en Redondeo OXXO"}]},{"@type":"WebSite","@id":"https:\/\/balosmochis.org.mx\/#website","url":"https:\/\/balosmochis.org.mx\/","name":"BAMX | Los Mochis","description":"Un Banco de Todo para Todos","publisher":{"@id":"https:\/\/balosmochis.org.mx\/#organization"},"alternateName":"BAMX Los Mochis","potentialAction":[{"@type":"SearchAction","target":{"@type":"EntryPoint","urlTemplate":"https:\/\/balosmochis.org.mx\/?s={search_term_string}"},"query-input":{"@type":"PropertyValueSpecification","valueRequired":true,"valueName":"search_term_string"}}],"inLanguage":"es"},{"@type":"Organization","@id":"https:\/\/balosmochis.org.mx\/#organization","name":"BANCO DE ALIMENTOS DE LOS MOCHIS","alternateName":"BAMX Los Mochis","url":"https:\/\/balosmochis.org.mx\/","logo":{"@type":"ImageObject","inLanguage":"es","@id":"https:\/\/balosmochis.org.mx\/#\/schema\/logo\/image\/","url":"https:\/\/balosmochis.org.mx\/wp-content\/uploads\/2023\/05\/BA_LOSMOCHIS_01.png","contentUrl":"https:\/\/balosmochis.org.mx\/wp-content\/uploads\/2023\/05\/BA_LOSMOCHIS_01.png","width":2497,"height":1643,"caption":"BANCO DE ALIMENTOS DE LOS MOCHIS"},"image":{"@id":"https:\/\/balosmochis.org.mx\/#\/schema\/logo\/image\/"},"sameAs":["https:\/\/web.facebook.com\/balosmochis","https:\/\/x.com\/BamxLosMochis","https:\/\/www.instagram.com\/bamxlosmochis\/"]},{"@type":"Person","@id":"https:\/\/balosmochis.org.mx\/#\/schema\/person\/34096dc6cd1893acd6c12b99129b9143","name":"Victor lucio","image":{"@type":"ImageObject","inLanguage":"es","@id":"https:\/\/balosmochis.org.mx\/#\/schema\/person\/image\/","url":"https:\/\/secure.gravatar.com\/avatar\/42bbb11d8af5305aeb90d0eb36e7e1b9126622be7aafe1c59f38d0b5f7d2a222?s=96&d=mm&r=g","contentUrl":"https:\/\/secure.gravatar.com\/avatar\/42bbb11d8af5305aeb90d0eb36e7e1b9126622be7aafe1c59f38d0b5f7d2a222?s=96&d=mm&r=g","caption":"Victor lucio"},"url":"https:\/\/balosmochis.org.mx\/index.php\/author\/equipodiseno\/"}]}},"jetpack_featured_media_url":"https:\/\/balosmochis.org.mx\/wp-content\/uploads\/2023\/07\/12I8364.jpg","jetpack_sharing_enabled":true,"_links":{"self":[{"href":"https:\/\/balosmochis.org.mx\/index.php\/wp-json\/wp\/v2\/posts\/2516","targetHints":{"allow":["GET"]}}],"collection":[{"href":"https:\/\/balosmochis.org.mx\/index.php\/wp-json\/wp\/v2\/posts"}],"about":[{"href":"https:\/\/balosmochis.org.mx\/index.php\/wp-json\/wp\/v2\/types\/post"}],"author":[{"embeddable":true,"href":"https:\/\/balosmochis.org.mx\/index.php\/wp-json\/wp\/v2\/users\/3"}],"replies":[{"embeddable":true,"href":"https:\/\/balosmochis.org.mx\/index.php\/wp-json\/wp\/v2\/comments?post=2516"}],"version-history":[{"count":5,"href":"https:\/\/balosmochis.org.mx\/index.php\/wp-json\/wp\/v2\/posts\/2516\/revisions"}],"predecessor-version":[{"id":3011,"href":"https:\/\/balosmochis.org.mx\/index.php\/wp-json\/wp\/v2\/posts\/2516\/revisions\/3011"}],"wp:featuredmedia":[{"embeddable":true,"href":"https:\/\/balosmochis.org.mx\/index.php\/wp-json\/wp\/v2\/media\/2517"}],"wp:attachment":[{"href":"https:\/\/balosmochis.org.mx\/index.php\/wp-json\/wp\/v2\/media?parent=2516"}],"wp:term":[{"taxonomy":"category","embeddable":true,"href":"https:\/\/balosmochis.org.mx\/index.php\/wp-json\/wp\/v2\/categories?post=2516"},{"taxonomy":"post_tag","embeddable":true,"href":"https:\/\/balosmochis.org.mx\/index.php\/wp-json\/wp\/v2\/tags?post=2516"}],"curies":[{"name":"wp","href":"https:\/\/api.w.org\/{rel}","templated":true}]}}