{"id":3764,"date":"2025-09-23T18:22:48","date_gmt":"2025-09-23T18:22:48","guid":{"rendered":"https:\/\/balosmochis.org.mx\/?p=3764"},"modified":"2025-09-23T18:22:48","modified_gmt":"2025-09-23T18:22:48","slug":"bamx-preseleccionado-para-el-premio-nacional-monte-de-piedad-2025-en-la-categoria-hambre-cero","status":"publish","type":"post","link":"https:\/\/balosmochis.org.mx\/index.php\/2025\/09\/23\/bamx-preseleccionado-para-el-premio-nacional-monte-de-piedad-2025-en-la-categoria-hambre-cero\/","title":{"rendered":"\u00a0Banco de Alimentos de Los Mochis, preseleccionado para el Premio Nacional Monte de Piedad 2025 en la categor\u00eda \u201cHambre Cero\u201d\u00a0"},"content":{"rendered":"<p><span class=\"Apple-converted-space\">\u00a0<\/span><b>Banco de Alimentos de Los Mochis, preseleccionado para el Premio Nacional Monte de Piedad 2025 en la categor\u00eda \u201cHambre Cero\u201d<span class=\"Apple-converted-space\">\u00a0<\/span><\/b><b><\/b><\/p>\n<p>Los Mochis, Sinaloa \u2014 13 de agosto \u2014 El Banco de Alimentos de Los Mochis, I.A.P., ha sido preseleccionado como una de las 10 organizaciones finalistas a nivel nacional en la categor\u00eda ODS 2: <strong>Hambre Cero del Premio Nacional Monte de Piedad 2025<\/strong>, reconocimiento que destaca a las Organizaciones de la <strong>Sociedad Civil (OSC)<\/strong> con mayor impacto y compromiso en la transformaci\u00f3n social del pa\u00eds.<span class=\"Apple-converted-space\">\u00a0<\/span><\/p>\n<p>Este logro cobra especial relevancia ya que la preselecci\u00f3n se realiz\u00f3 entre m\u00e1s de <strong>550 OSC<\/strong> evaluadas, considerando criterios de alto desempe\u00f1o, sostenibilidad, capacidad de articulaci\u00f3n y promoci\u00f3n de los <strong>Derechos Humanos<\/strong>, as\u00ed como la eficacia en la implementaci\u00f3n de proyectos y resultados alcanzados.<span class=\"Apple-converted-space\">\u00a0<\/span><\/p>\n<p>\u201cEste reconocimiento nos motiva a seguir trabajando por un M\u00e9xico sin hambre. Ser parte de esta selecci\u00f3n significa que nuestro esfuerzo diario por garantizar el acceso a la alimentaci\u00f3n digna y nutritiva est\u00e1 siendo reconocido a nivel nacional\u201d, se\u00f1al\u00f3 <strong>Aurora Ordu\u00f1o Directora General del Banco de Alimentos de Los Mochis<\/strong>.<span class=\"Apple-converted-space\">\u00a0<\/span><\/p>\n<p>El proceso de selecci\u00f3n de los ganadores en cada categor\u00eda se llevar\u00e1 a cabo bajo la metodolog\u00eda de sociocracia, con la participaci\u00f3n de las propias organizaciones preseleccionadas, especialistas y facilitadores. Los resultados se dar\u00e1n a conocer el pr\u00f3ximo <strong>8 de octubre de 2025 en la Ciudad de M\u00e9xico<\/strong>.<span class=\"Apple-converted-space\">\u00a0<\/span><\/p>\n<p><strong>El Banco de Alimentos de Los Mochis<\/strong> reitera su compromiso con la lucha contra el hambre y la seguridad alimentaria, y agradece a todas las personas, empresas y aliados que han hecho posible este logro.<span class=\"Apple-converted-space\">\u00a0<\/span><\/p>\n<p><a href=\"https:\/\/balosmochis.org.mx\/index.php\/donar-ahora\/\"><strong>Somos Un Banco de Todo, para Todos.<\/strong><\/a><\/p>\n<p><a href=\"https:\/\/bamx.org.mx\"><strong>RedBamx<\/strong><\/a><\/p>\n<p><img fetchpriority=\"high\" decoding=\"async\" class=\"alignnone size-full wp-image-3765\" src=\"https:\/\/balosmochis.org.mx\/wp-content\/uploads\/2025\/09\/IMAGEN-BLOG-PREMIO-NMP-HAMBRE-CERO-2025-9x16_1-01-scaled.jpg\" alt=\"Banco de Alimentos de Los Mochis, preseleccionado para el Premio Nacional Monte de Piedad 2025 en la categor\u00eda \u201cHambre Cero\u201d\" width=\"2560\" height=\"1440\" srcset=\"https:\/\/balosmochis.org.mx\/wp-content\/uploads\/2025\/09\/IMAGEN-BLOG-PREMIO-NMP-HAMBRE-CERO-2025-9x16_1-01-scaled.jpg 2560w, https:\/\/balosmochis.org.mx\/wp-content\/uploads\/2025\/09\/IMAGEN-BLOG-PREMIO-NMP-HAMBRE-CERO-2025-9x16_1-01-300x169.jpg 300w, https:\/\/balosmochis.org.mx\/wp-content\/uploads\/2025\/09\/IMAGEN-BLOG-PREMIO-NMP-HAMBRE-CERO-2025-9x16_1-01-1024x576.jpg 1024w, https:\/\/balosmochis.org.mx\/wp-content\/uploads\/2025\/09\/IMAGEN-BLOG-PREMIO-NMP-HAMBRE-CERO-2025-9x16_1-01-768x432.jpg 768w, https:\/\/balosmochis.org.mx\/wp-content\/uploads\/2025\/09\/IMAGEN-BLOG-PREMIO-NMP-HAMBRE-CERO-2025-9x16_1-01-1536x864.jpg 1536w, https:\/\/balosmochis.org.mx\/wp-content\/uploads\/2025\/09\/IMAGEN-BLOG-PREMIO-NMP-HAMBRE-CERO-2025-9x16_1-01-2048x1152.jpg 2048w, https:\/\/balosmochis.org.mx\/wp-content\/uploads\/2025\/09\/IMAGEN-BLOG-PREMIO-NMP-HAMBRE-CERO-2025-9x16_1-01-1200x675.jpg 1200w, https:\/\/balosmochis.org.mx\/wp-content\/uploads\/2025\/09\/IMAGEN-BLOG-PREMIO-NMP-HAMBRE-CERO-2025-9x16_1-01-1980x1114.jpg 1980w\" sizes=\"(max-width: 2560px) 100vw, 2560px\" \/><\/p>\n","protected":false},"excerpt":{"rendered":"<p>\u00a0Banco de Alimentos de Los Mochis, preseleccionado para el Premio Nacional Monte de Piedad 2025 en la categor\u00eda \u201cHambre Cero\u201d\u00a0 Los Mochis, Sinaloa \u2014 13 de agosto \u2014 El Banco de Alimentos de Los Mochis, I.A.P., ha sido preseleccionado como una de las 10 organizaciones finalistas a nivel nacional en la categor\u00eda ODS 2: Hambre [&hellip;]<\/p>\n","protected":false},"author":4,"featured_media":3765,"comment_status":"open","ping_status":"closed","sticky":false,"template":"","format":"standard","meta":{"inline_featured_image":false,"_monsterinsights_skip_tracking":false,"_monsterinsights_sitenote_active":false,"_monsterinsights_sitenote_note":"","_monsterinsights_sitenote_category":0,"_uf_show_specific_survey":0,"_uf_disable_surveys":false,"_jetpack_memberships_contains_paid_content":false,"footnotes":""},"categories":[44,42,35],"tags":[],"class_list":["post-3764","post","type-post","status-publish","format-standard","has-post-thumbnail","hentry","category-apoyo-profesional","category-bamx-los-mochis","category-red-bamx"],"yoast_head":"<!-- This site is optimized with the Yoast SEO plugin v26.6 - https:\/\/yoast.com\/wordpress\/plugins\/seo\/ -->\n<title>\u00a0Banco de Alimentos de Los Mochis, preseleccionado para el Premio Nacional Monte de Piedad 2025 en la categor\u00eda \u201cHambre Cero\u201d\u00a0 - BAMX | Los Mochis<\/title>\n<meta name=\"description\" content=\"Fuimos preseleccionados para el Premio Nacional Monte de Piedad 2025 en la categor\u00eda \u201cHambre Cero\u201d\u00a0BAMX Los Mochis.\" \/>\n<meta name=\"robots\" content=\"index, follow, max-snippet:-1, max-image-preview:large, max-video-preview:-1\" \/>\n<link rel=\"canonical\" href=\"https:\/\/balosmochis.org.mx\/index.php\/2025\/09\/23\/bamx-preseleccionado-para-el-premio-nacional-monte-de-piedad-2025-en-la-categoria-hambre-cero\/\" \/>\n<meta property=\"og:locale\" content=\"es_MX\" \/>\n<meta property=\"og:type\" content=\"article\" \/>\n<meta property=\"og:title\" content=\"\u00a0Banco de Alimentos de Los Mochis, preseleccionado para el Premio Nacional Monte de Piedad 2025 en la categor\u00eda \u201cHambre Cero\u201d\u00a0 - BAMX | Los Mochis\" \/>\n<meta property=\"og:description\" content=\"Fuimos preseleccionados para el Premio Nacional Monte de Piedad 2025 en la categor\u00eda \u201cHambre Cero\u201d\u00a0BAMX Los Mochis.\" \/>\n<meta property=\"og:url\" content=\"https:\/\/balosmochis.org.mx\/index.php\/2025\/09\/23\/bamx-preseleccionado-para-el-premio-nacional-monte-de-piedad-2025-en-la-categoria-hambre-cero\/\" \/>\n<meta property=\"og:site_name\" content=\"BAMX | Los Mochis\" \/>\n<meta property=\"article:publisher\" content=\"https:\/\/web.facebook.com\/balosmochis\" \/>\n<meta property=\"article:published_time\" content=\"2025-09-23T18:22:48+00:00\" \/>\n<meta property=\"og:image\" content=\"https:\/\/balosmochis.org.mx\/wp-content\/uploads\/2025\/09\/IMAGEN-BLOG-PREMIO-NMP-HAMBRE-CERO-2025-9x16_1-01-scaled.jpg\" \/>\n\t<meta property=\"og:image:width\" content=\"2560\" \/>\n\t<meta property=\"og:image:height\" content=\"1440\" \/>\n\t<meta property=\"og:image:type\" content=\"image\/jpeg\" \/>\n<meta name=\"author\" content=\"jcastorena\" \/>\n<meta name=\"twitter:card\" content=\"summary_large_image\" \/>\n<meta name=\"twitter:creator\" content=\"@BamxLosMochis\" \/>\n<meta name=\"twitter:site\" content=\"@BamxLosMochis\" \/>\n<meta name=\"twitter:label1\" content=\"Escrito por\" \/>\n\t<meta name=\"twitter:data1\" content=\"jcastorena\" \/>\n\t<meta name=\"twitter:label2\" content=\"Tiempo de lectura\" \/>\n\t<meta name=\"twitter:data2\" content=\"2 minutos\" \/>\n<script type=\"application\/ld+json\" class=\"yoast-schema-graph\">{\"@context\":\"https:\/\/schema.org\",\"@graph\":[{\"@type\":\"Article\",\"@id\":\"https:\/\/balosmochis.org.mx\/index.php\/2025\/09\/23\/bamx-preseleccionado-para-el-premio-nacional-monte-de-piedad-2025-en-la-categoria-hambre-cero\/#article\",\"isPartOf\":{\"@id\":\"https:\/\/balosmochis.org.mx\/index.php\/2025\/09\/23\/bamx-preseleccionado-para-el-premio-nacional-monte-de-piedad-2025-en-la-categoria-hambre-cero\/\"},\"author\":{\"name\":\"jcastorena\",\"@id\":\"https:\/\/balosmochis.org.mx\/#\/schema\/person\/05980522f274908e5bfbc23707dcbf17\"},\"headline\":\"\u00a0Banco de Alimentos de Los Mochis, preseleccionado para el Premio Nacional Monte de Piedad 2025 en la categor\u00eda \u201cHambre Cero\u201d\u00a0\",\"datePublished\":\"2025-09-23T18:22:48+00:00\",\"mainEntityOfPage\":{\"@id\":\"https:\/\/balosmochis.org.mx\/index.php\/2025\/09\/23\/bamx-preseleccionado-para-el-premio-nacional-monte-de-piedad-2025-en-la-categoria-hambre-cero\/\"},\"wordCount\":304,\"commentCount\":0,\"publisher\":{\"@id\":\"https:\/\/balosmochis.org.mx\/#organization\"},\"image\":{\"@id\":\"https:\/\/balosmochis.org.mx\/index.php\/2025\/09\/23\/bamx-preseleccionado-para-el-premio-nacional-monte-de-piedad-2025-en-la-categoria-hambre-cero\/#primaryimage\"},\"thumbnailUrl\":\"https:\/\/balosmochis.org.mx\/wp-content\/uploads\/2025\/09\/IMAGEN-BLOG-PREMIO-NMP-HAMBRE-CERO-2025-9x16_1-01-scaled.jpg\",\"articleSection\":[\"Apoyo profesional\",\"BAMX Los Mochis\",\"Red BAMX\"],\"inLanguage\":\"es\",\"potentialAction\":[{\"@type\":\"CommentAction\",\"name\":\"Comment\",\"target\":[\"https:\/\/balosmochis.org.mx\/index.php\/2025\/09\/23\/bamx-preseleccionado-para-el-premio-nacional-monte-de-piedad-2025-en-la-categoria-hambre-cero\/#respond\"]}]},{\"@type\":\"WebPage\",\"@id\":\"https:\/\/balosmochis.org.mx\/index.php\/2025\/09\/23\/bamx-preseleccionado-para-el-premio-nacional-monte-de-piedad-2025-en-la-categoria-hambre-cero\/\",\"url\":\"https:\/\/balosmochis.org.mx\/index.php\/2025\/09\/23\/bamx-preseleccionado-para-el-premio-nacional-monte-de-piedad-2025-en-la-categoria-hambre-cero\/\",\"name\":\"\u00a0Banco de Alimentos de Los Mochis, preseleccionado para el Premio Nacional Monte de Piedad 2025 en la categor\u00eda \u201cHambre Cero\u201d\u00a0 - BAMX | Los Mochis\",\"isPartOf\":{\"@id\":\"https:\/\/balosmochis.org.mx\/#website\"},\"primaryImageOfPage\":{\"@id\":\"https:\/\/balosmochis.org.mx\/index.php\/2025\/09\/23\/bamx-preseleccionado-para-el-premio-nacional-monte-de-piedad-2025-en-la-categoria-hambre-cero\/#primaryimage\"},\"image\":{\"@id\":\"https:\/\/balosmochis.org.mx\/index.php\/2025\/09\/23\/bamx-preseleccionado-para-el-premio-nacional-monte-de-piedad-2025-en-la-categoria-hambre-cero\/#primaryimage\"},\"thumbnailUrl\":\"https:\/\/balosmochis.org.mx\/wp-content\/uploads\/2025\/09\/IMAGEN-BLOG-PREMIO-NMP-HAMBRE-CERO-2025-9x16_1-01-scaled.jpg\",\"datePublished\":\"2025-09-23T18:22:48+00:00\",\"description\":\"Fuimos preseleccionados para el Premio Nacional Monte de Piedad 2025 en la categor\u00eda \u201cHambre Cero\u201d\u00a0BAMX Los Mochis.\",\"breadcrumb\":{\"@id\":\"https:\/\/balosmochis.org.mx\/index.php\/2025\/09\/23\/bamx-preseleccionado-para-el-premio-nacional-monte-de-piedad-2025-en-la-categoria-hambre-cero\/#breadcrumb\"},\"inLanguage\":\"es\",\"potentialAction\":[{\"@type\":\"ReadAction\",\"target\":[\"https:\/\/balosmochis.org.mx\/index.php\/2025\/09\/23\/bamx-preseleccionado-para-el-premio-nacional-monte-de-piedad-2025-en-la-categoria-hambre-cero\/\"]}]},{\"@type\":\"ImageObject\",\"inLanguage\":\"es\",\"@id\":\"https:\/\/balosmochis.org.mx\/index.php\/2025\/09\/23\/bamx-preseleccionado-para-el-premio-nacional-monte-de-piedad-2025-en-la-categoria-hambre-cero\/#primaryimage\",\"url\":\"https:\/\/balosmochis.org.mx\/wp-content\/uploads\/2025\/09\/IMAGEN-BLOG-PREMIO-NMP-HAMBRE-CERO-2025-9x16_1-01-scaled.jpg\",\"contentUrl\":\"https:\/\/balosmochis.org.mx\/wp-content\/uploads\/2025\/09\/IMAGEN-BLOG-PREMIO-NMP-HAMBRE-CERO-2025-9x16_1-01-scaled.jpg\",\"width\":2560,\"height\":1440,\"caption\":\"Banco de Alimentos de Los Mochis, preseleccionado para el Premio Nacional Monte de Piedad 2025 en la categor\u00eda \u201cHambre Cero\u201d\"},{\"@type\":\"BreadcrumbList\",\"@id\":\"https:\/\/balosmochis.org.mx\/index.php\/2025\/09\/23\/bamx-preseleccionado-para-el-premio-nacional-monte-de-piedad-2025-en-la-categoria-hambre-cero\/#breadcrumb\",\"itemListElement\":[{\"@type\":\"ListItem\",\"position\":1,\"name\":\"Inicio\",\"item\":\"https:\/\/balosmochis.org.mx\/\"},{\"@type\":\"ListItem\",\"position\":2,\"name\":\"\u00a0Banco de Alimentos de Los Mochis, preseleccionado para el Premio Nacional Monte de Piedad 2025 en la categor\u00eda \u201cHambre Cero\u201d\u00a0\"}]},{\"@type\":\"WebSite\",\"@id\":\"https:\/\/balosmochis.org.mx\/#website\",\"url\":\"https:\/\/balosmochis.org.mx\/\",\"name\":\"BAMX | Los Mochis\",\"description\":\"Un Banco de Todo para Todos\",\"publisher\":{\"@id\":\"https:\/\/balosmochis.org.mx\/#organization\"},\"alternateName\":\"BAMX Los Mochis\",\"potentialAction\":[{\"@type\":\"SearchAction\",\"target\":{\"@type\":\"EntryPoint\",\"urlTemplate\":\"https:\/\/balosmochis.org.mx\/?s={search_term_string}\"},\"query-input\":{\"@type\":\"PropertyValueSpecification\",\"valueRequired\":true,\"valueName\":\"search_term_string\"}}],\"inLanguage\":\"es\"},{\"@type\":\"Organization\",\"@id\":\"https:\/\/balosmochis.org.mx\/#organization\",\"name\":\"BANCO DE ALIMENTOS DE LOS MOCHIS\",\"alternateName\":\"BAMX Los Mochis\",\"url\":\"https:\/\/balosmochis.org.mx\/\",\"logo\":{\"@type\":\"ImageObject\",\"inLanguage\":\"es\",\"@id\":\"https:\/\/balosmochis.org.mx\/#\/schema\/logo\/image\/\",\"url\":\"https:\/\/balosmochis.org.mx\/wp-content\/uploads\/2023\/05\/BA_LOSMOCHIS_01.png\",\"contentUrl\":\"https:\/\/balosmochis.org.mx\/wp-content\/uploads\/2023\/05\/BA_LOSMOCHIS_01.png\",\"width\":2497,\"height\":1643,\"caption\":\"BANCO DE ALIMENTOS DE LOS MOCHIS\"},\"image\":{\"@id\":\"https:\/\/balosmochis.org.mx\/#\/schema\/logo\/image\/\"},\"sameAs\":[\"https:\/\/web.facebook.com\/balosmochis\",\"https:\/\/x.com\/BamxLosMochis\",\"https:\/\/www.instagram.com\/bamxlosmochis\/\"]},{\"@type\":\"Person\",\"@id\":\"https:\/\/balosmochis.org.mx\/#\/schema\/person\/05980522f274908e5bfbc23707dcbf17\",\"name\":\"jcastorena\",\"image\":{\"@type\":\"ImageObject\",\"inLanguage\":\"es\",\"@id\":\"https:\/\/balosmochis.org.mx\/#\/schema\/person\/image\/\",\"url\":\"https:\/\/secure.gravatar.com\/avatar\/1f6db1de1e656ebca10e120e8d2f7267b1e4ef64c95ba5c229e2e45d9e2e98b6?s=96&d=mm&r=g\",\"contentUrl\":\"https:\/\/secure.gravatar.com\/avatar\/1f6db1de1e656ebca10e120e8d2f7267b1e4ef64c95ba5c229e2e45d9e2e98b6?s=96&d=mm&r=g\",\"caption\":\"jcastorena\"},\"url\":\"https:\/\/balosmochis.org.mx\/index.php\/author\/jcastorena\/\"}]}<\/script>\n<!-- \/ Yoast SEO plugin. -->","yoast_head_json":{"title":"\u00a0Banco de Alimentos de Los Mochis, preseleccionado para el Premio Nacional Monte de Piedad 2025 en la categor\u00eda \u201cHambre Cero\u201d\u00a0 - BAMX | Los Mochis","description":"Fuimos preseleccionados para el Premio Nacional Monte de Piedad 2025 en la categor\u00eda \u201cHambre Cero\u201d\u00a0BAMX Los Mochis.","robots":{"index":"index","follow":"follow","max-snippet":"max-snippet:-1","max-image-preview":"max-image-preview:large","max-video-preview":"max-video-preview:-1"},"canonical":"https:\/\/balosmochis.org.mx\/index.php\/2025\/09\/23\/bamx-preseleccionado-para-el-premio-nacional-monte-de-piedad-2025-en-la-categoria-hambre-cero\/","og_locale":"es_MX","og_type":"article","og_title":"\u00a0Banco de Alimentos de Los Mochis, preseleccionado para el Premio Nacional Monte de Piedad 2025 en la categor\u00eda \u201cHambre Cero\u201d\u00a0 - BAMX | Los Mochis","og_description":"Fuimos preseleccionados para el Premio Nacional Monte de Piedad 2025 en la categor\u00eda \u201cHambre Cero\u201d\u00a0BAMX Los Mochis.","og_url":"https:\/\/balosmochis.org.mx\/index.php\/2025\/09\/23\/bamx-preseleccionado-para-el-premio-nacional-monte-de-piedad-2025-en-la-categoria-hambre-cero\/","og_site_name":"BAMX | Los Mochis","article_publisher":"https:\/\/web.facebook.com\/balosmochis","article_published_time":"2025-09-23T18:22:48+00:00","og_image":[{"width":2560,"height":1440,"url":"https:\/\/balosmochis.org.mx\/wp-content\/uploads\/2025\/09\/IMAGEN-BLOG-PREMIO-NMP-HAMBRE-CERO-2025-9x16_1-01-scaled.jpg","type":"image\/jpeg"}],"author":"jcastorena","twitter_card":"summary_large_image","twitter_creator":"@BamxLosMochis","twitter_site":"@BamxLosMochis","twitter_misc":{"Escrito por":"jcastorena","Tiempo de lectura":"2 minutos"},"schema":{"@context":"https:\/\/schema.org","@graph":[{"@type":"Article","@id":"https:\/\/balosmochis.org.mx\/index.php\/2025\/09\/23\/bamx-preseleccionado-para-el-premio-nacional-monte-de-piedad-2025-en-la-categoria-hambre-cero\/#article","isPartOf":{"@id":"https:\/\/balosmochis.org.mx\/index.php\/2025\/09\/23\/bamx-preseleccionado-para-el-premio-nacional-monte-de-piedad-2025-en-la-categoria-hambre-cero\/"},"author":{"name":"jcastorena","@id":"https:\/\/balosmochis.org.mx\/#\/schema\/person\/05980522f274908e5bfbc23707dcbf17"},"headline":"\u00a0Banco de Alimentos de Los Mochis, preseleccionado para el Premio Nacional Monte de Piedad 2025 en la categor\u00eda \u201cHambre Cero\u201d\u00a0","datePublished":"2025-09-23T18:22:48+00:00","mainEntityOfPage":{"@id":"https:\/\/balosmochis.org.mx\/index.php\/2025\/09\/23\/bamx-preseleccionado-para-el-premio-nacional-monte-de-piedad-2025-en-la-categoria-hambre-cero\/"},"wordCount":304,"commentCount":0,"publisher":{"@id":"https:\/\/balosmochis.org.mx\/#organization"},"image":{"@id":"https:\/\/balosmochis.org.mx\/index.php\/2025\/09\/23\/bamx-preseleccionado-para-el-premio-nacional-monte-de-piedad-2025-en-la-categoria-hambre-cero\/#primaryimage"},"thumbnailUrl":"https:\/\/balosmochis.org.mx\/wp-content\/uploads\/2025\/09\/IMAGEN-BLOG-PREMIO-NMP-HAMBRE-CERO-2025-9x16_1-01-scaled.jpg","articleSection":["Apoyo profesional","BAMX Los Mochis","Red BAMX"],"inLanguage":"es","potentialAction":[{"@type":"CommentAction","name":"Comment","target":["https:\/\/balosmochis.org.mx\/index.php\/2025\/09\/23\/bamx-preseleccionado-para-el-premio-nacional-monte-de-piedad-2025-en-la-categoria-hambre-cero\/#respond"]}]},{"@type":"WebPage","@id":"https:\/\/balosmochis.org.mx\/index.php\/2025\/09\/23\/bamx-preseleccionado-para-el-premio-nacional-monte-de-piedad-2025-en-la-categoria-hambre-cero\/","url":"https:\/\/balosmochis.org.mx\/index.php\/2025\/09\/23\/bamx-preseleccionado-para-el-premio-nacional-monte-de-piedad-2025-en-la-categoria-hambre-cero\/","name":"\u00a0Banco de Alimentos de Los Mochis, preseleccionado para el Premio Nacional Monte de Piedad 2025 en la categor\u00eda \u201cHambre Cero\u201d\u00a0 - BAMX | Los Mochis","isPartOf":{"@id":"https:\/\/balosmochis.org.mx\/#website"},"primaryImageOfPage":{"@id":"https:\/\/balosmochis.org.mx\/index.php\/2025\/09\/23\/bamx-preseleccionado-para-el-premio-nacional-monte-de-piedad-2025-en-la-categoria-hambre-cero\/#primaryimage"},"image":{"@id":"https:\/\/balosmochis.org.mx\/index.php\/2025\/09\/23\/bamx-preseleccionado-para-el-premio-nacional-monte-de-piedad-2025-en-la-categoria-hambre-cero\/#primaryimage"},"thumbnailUrl":"https:\/\/balosmochis.org.mx\/wp-content\/uploads\/2025\/09\/IMAGEN-BLOG-PREMIO-NMP-HAMBRE-CERO-2025-9x16_1-01-scaled.jpg","datePublished":"2025-09-23T18:22:48+00:00","description":"Fuimos preseleccionados para el Premio Nacional Monte de Piedad 2025 en la categor\u00eda \u201cHambre Cero\u201d\u00a0BAMX Los Mochis.","breadcrumb":{"@id":"https:\/\/balosmochis.org.mx\/index.php\/2025\/09\/23\/bamx-preseleccionado-para-el-premio-nacional-monte-de-piedad-2025-en-la-categoria-hambre-cero\/#breadcrumb"},"inLanguage":"es","potentialAction":[{"@type":"ReadAction","target":["https:\/\/balosmochis.org.mx\/index.php\/2025\/09\/23\/bamx-preseleccionado-para-el-premio-nacional-monte-de-piedad-2025-en-la-categoria-hambre-cero\/"]}]},{"@type":"ImageObject","inLanguage":"es","@id":"https:\/\/balosmochis.org.mx\/index.php\/2025\/09\/23\/bamx-preseleccionado-para-el-premio-nacional-monte-de-piedad-2025-en-la-categoria-hambre-cero\/#primaryimage","url":"https:\/\/balosmochis.org.mx\/wp-content\/uploads\/2025\/09\/IMAGEN-BLOG-PREMIO-NMP-HAMBRE-CERO-2025-9x16_1-01-scaled.jpg","contentUrl":"https:\/\/balosmochis.org.mx\/wp-content\/uploads\/2025\/09\/IMAGEN-BLOG-PREMIO-NMP-HAMBRE-CERO-2025-9x16_1-01-scaled.jpg","width":2560,"height":1440,"caption":"Banco de Alimentos de Los Mochis, preseleccionado para el Premio Nacional Monte de Piedad 2025 en la categor\u00eda \u201cHambre Cero\u201d"},{"@type":"BreadcrumbList","@id":"https:\/\/balosmochis.org.mx\/index.php\/2025\/09\/23\/bamx-preseleccionado-para-el-premio-nacional-monte-de-piedad-2025-en-la-categoria-hambre-cero\/#breadcrumb","itemListElement":[{"@type":"ListItem","position":1,"name":"Inicio","item":"https:\/\/balosmochis.org.mx\/"},{"@type":"ListItem","position":2,"name":"\u00a0Banco de Alimentos de Los Mochis, preseleccionado para el Premio Nacional Monte de Piedad 2025 en la categor\u00eda \u201cHambre Cero\u201d\u00a0"}]},{"@type":"WebSite","@id":"https:\/\/balosmochis.org.mx\/#website","url":"https:\/\/balosmochis.org.mx\/","name":"BAMX | Los Mochis","description":"Un Banco de Todo para Todos","publisher":{"@id":"https:\/\/balosmochis.org.mx\/#organization"},"alternateName":"BAMX Los Mochis","potentialAction":[{"@type":"SearchAction","target":{"@type":"EntryPoint","urlTemplate":"https:\/\/balosmochis.org.mx\/?s={search_term_string}"},"query-input":{"@type":"PropertyValueSpecification","valueRequired":true,"valueName":"search_term_string"}}],"inLanguage":"es"},{"@type":"Organization","@id":"https:\/\/balosmochis.org.mx\/#organization","name":"BANCO DE ALIMENTOS DE LOS MOCHIS","alternateName":"BAMX Los Mochis","url":"https:\/\/balosmochis.org.mx\/","logo":{"@type":"ImageObject","inLanguage":"es","@id":"https:\/\/balosmochis.org.mx\/#\/schema\/logo\/image\/","url":"https:\/\/balosmochis.org.mx\/wp-content\/uploads\/2023\/05\/BA_LOSMOCHIS_01.png","contentUrl":"https:\/\/balosmochis.org.mx\/wp-content\/uploads\/2023\/05\/BA_LOSMOCHIS_01.png","width":2497,"height":1643,"caption":"BANCO DE ALIMENTOS DE LOS MOCHIS"},"image":{"@id":"https:\/\/balosmochis.org.mx\/#\/schema\/logo\/image\/"},"sameAs":["https:\/\/web.facebook.com\/balosmochis","https:\/\/x.com\/BamxLosMochis","https:\/\/www.instagram.com\/bamxlosmochis\/"]},{"@type":"Person","@id":"https:\/\/balosmochis.org.mx\/#\/schema\/person\/05980522f274908e5bfbc23707dcbf17","name":"jcastorena","image":{"@type":"ImageObject","inLanguage":"es","@id":"https:\/\/balosmochis.org.mx\/#\/schema\/person\/image\/","url":"https:\/\/secure.gravatar.com\/avatar\/1f6db1de1e656ebca10e120e8d2f7267b1e4ef64c95ba5c229e2e45d9e2e98b6?s=96&d=mm&r=g","contentUrl":"https:\/\/secure.gravatar.com\/avatar\/1f6db1de1e656ebca10e120e8d2f7267b1e4ef64c95ba5c229e2e45d9e2e98b6?s=96&d=mm&r=g","caption":"jcastorena"},"url":"https:\/\/balosmochis.org.mx\/index.php\/author\/jcastorena\/"}]}},"jetpack_featured_media_url":"https:\/\/balosmochis.org.mx\/wp-content\/uploads\/2025\/09\/IMAGEN-BLOG-PREMIO-NMP-HAMBRE-CERO-2025-9x16_1-01-scaled.jpg","jetpack_sharing_enabled":true,"_links":{"self":[{"href":"https:\/\/balosmochis.org.mx\/index.php\/wp-json\/wp\/v2\/posts\/3764","targetHints":{"allow":["GET"]}}],"collection":[{"href":"https:\/\/balosmochis.org.mx\/index.php\/wp-json\/wp\/v2\/posts"}],"about":[{"href":"https:\/\/balosmochis.org.mx\/index.php\/wp-json\/wp\/v2\/types\/post"}],"author":[{"embeddable":true,"href":"https:\/\/balosmochis.org.mx\/index.php\/wp-json\/wp\/v2\/users\/4"}],"replies":[{"embeddable":true,"href":"https:\/\/balosmochis.org.mx\/index.php\/wp-json\/wp\/v2\/comments?post=3764"}],"version-history":[{"count":1,"href":"https:\/\/balosmochis.org.mx\/index.php\/wp-json\/wp\/v2\/posts\/3764\/revisions"}],"predecessor-version":[{"id":3766,"href":"https:\/\/balosmochis.org.mx\/index.php\/wp-json\/wp\/v2\/posts\/3764\/revisions\/3766"}],"wp:featuredmedia":[{"embeddable":true,"href":"https:\/\/balosmochis.org.mx\/index.php\/wp-json\/wp\/v2\/media\/3765"}],"wp:attachment":[{"href":"https:\/\/balosmochis.org.mx\/index.php\/wp-json\/wp\/v2\/media?parent=3764"}],"wp:term":[{"taxonomy":"category","embeddable":true,"href":"https:\/\/balosmochis.org.mx\/index.php\/wp-json\/wp\/v2\/categories?post=3764"},{"taxonomy":"post_tag","embeddable":true,"href":"https:\/\/balosmochis.org.mx\/index.php\/wp-json\/wp\/v2\/tags?post=3764"}],"curies":[{"name":"wp","href":"https:\/\/api.w.org\/{rel}","templated":true}]}}